{"id":4748,"date":"2024-10-11T10:47:21","date_gmt":"2024-10-11T10:47:21","guid":{"rendered":"https:\/\/wampmevres.cfolks.pl\/lipany\/2023\/10\/11\/kazdy-inny-wszyscy-rowni\/"},"modified":"2024-10-11T10:47:21","modified_gmt":"2024-10-11T10:47:21","slug":"kazdy-inny-wszyscy-rowni","status":"publish","type":"post","link":"https:\/\/zs-lipiany.pl\/?p=4748","title":{"rendered":"\u201eKa\u017cdy inny \u2013 wszyscy r\u00f3wni\u201d"},"content":{"rendered":"<p><img fetchpriority=\"high\" decoding=\"async\" class=\" size-full wp-image-4747\" src=\"https:\/\/wampmevres.cfolks.pl\/lipany\/wp-content\/uploads\/2023\/10\/Ta_szkola_plakat_II_edycja_Kazdy_inny_1.jpg\" alt=\"Ta szko\u0142a plakat II edycja Ka\u017cdy inny 1\" width=\"580\" height=\"801\" style=\"display: block; margin-left: auto; margin-right: auto;\" srcset=\"https:\/\/zs-lipiany.pl\/wp-content\/uploads\/2023\/10\/Ta_szkola_plakat_II_edycja_Kazdy_inny_1.jpg 1448w, https:\/\/zs-lipiany.pl\/wp-content\/uploads\/2023\/10\/Ta_szkola_plakat_II_edycja_Kazdy_inny_1-217x300.jpg 217w, https:\/\/zs-lipiany.pl\/wp-content\/uploads\/2023\/10\/Ta_szkola_plakat_II_edycja_Kazdy_inny_1-741x1024.jpg 741w, https:\/\/zs-lipiany.pl\/wp-content\/uploads\/2023\/10\/Ta_szkola_plakat_II_edycja_Kazdy_inny_1-768x1061.jpg 768w, https:\/\/zs-lipiany.pl\/wp-content\/uploads\/2023\/10\/Ta_szkola_plakat_II_edycja_Kazdy_inny_1-1112x1536.jpg 1112w\" sizes=\"(max-width: 580px) 100vw, 580px\" \/><\/p>\n<p style=\"text-align: justify;\">W roku szkolnym 2023\/2024 Zesp\u00f3\u0142 Szk\u00f3\u0142 w Lipianach bierze udzia\u0142 w II Edycji Og\u00f3lnopolskiego Projektu Edukacyjno \u2013 Spo\u0142ecznego \u201eKa\u017cdy inny \u2013 wszyscy r\u00f3wni\u201d. G\u0142\u00f3wnymi celami projektu jest rozwijanie empatii, kszta\u0142towanie tolerancji, uwra\u017cliwienie uczni\u00f3w na obecno\u015b\u0107 i potrzeby os\u00f3b ze specjalnymi potrzebami edukacyjnymi.<\/p>\n<p style=\"text-align: right;\">Koordynator projektu: Monika Bejuk<\/p>\n","protected":false},"excerpt":{"rendered":"<p>W roku szkolnym 2023\/2024 Zesp\u00f3\u0142 Szk\u00f3\u0142 w Lipianach bierze udzia\u0142 w II Edycji Og\u00f3lnopolskiego Projektu Edukacyjno \u2013 Spo\u0142ecznego \u201eKa\u017cdy inny \u2013 wszyscy r\u00f3wni\u201d. G\u0142\u00f3wnymi celami projektu jest rozwijanie empatii, kszta\u0142towanie tolerancji, uwra\u017cliwienie uczni\u00f3w na obecno\u015b\u0107 i potrzeby os\u00f3b ze specjalnymi potrzebami edukacyjnymi. Koordynator projektu: Monika Bejuk<\/p>\n","protected":false},"author":1,"featured_media":4747,"comment_status":"open","ping_status":"open","sticky":false,"template":"","format":"standard","meta":{"ngg_post_thumbnail":0,"footnotes":""},"categories":[27],"tags":[],"class_list":["post-4748","post","type-post","status-publish","format-standard","has-post-thumbnail","hentry","category-article-icons"],"_links":{"self":[{"href":"https:\/\/zs-lipiany.pl\/index.php?rest_route=\/wp\/v2\/posts\/4748","targetHints":{"allow":["GET"]}}],"collection":[{"href":"https:\/\/zs-lipiany.pl\/index.php?rest_route=\/wp\/v2\/posts"}],"about":[{"href":"https:\/\/zs-lipiany.pl\/index.php?rest_route=\/wp\/v2\/types\/post"}],"author":[{"embeddable":true,"href":"https:\/\/zs-lipiany.pl\/index.php?rest_route=\/wp\/v2\/users\/1"}],"replies":[{"embeddable":true,"href":"https:\/\/zs-lipiany.pl\/index.php?rest_route=%2Fwp%2Fv2%2Fcomments&post=4748"}],"version-history":[{"count":1,"href":"https:\/\/zs-lipiany.pl\/index.php?rest_route=\/wp\/v2\/posts\/4748\/revisions"}],"predecessor-version":[{"id":6728,"href":"https:\/\/zs-lipiany.pl\/index.php?rest_route=\/wp\/v2\/posts\/4748\/revisions\/6728"}],"wp:featuredmedia":[{"embeddable":true,"href":"https:\/\/zs-lipiany.pl\/index.php?rest_route=\/wp\/v2\/media\/4747"}],"wp:attachment":[{"href":"https:\/\/zs-lipiany.pl\/index.php?rest_route=%2Fwp%2Fv2%2Fmedia&parent=4748"}],"wp:term":[{"taxonomy":"category","embeddable":true,"href":"https:\/\/zs-lipiany.pl\/index.php?rest_route=%2Fwp%2Fv2%2Fcategories&post=4748"},{"taxonomy":"post_tag","embeddable":true,"href":"https:\/\/zs-lipiany.pl\/index.php?rest_route=%2Fwp%2Fv2%2Ftags&post=4748"}],"curies":[{"name":"wp","href":"https:\/\/api.w.org\/{rel}","templated":true}]}}