{"id":3845,"date":"2024-10-11T10:45:45","date_gmt":"2024-10-11T10:45:45","guid":{"rendered":"https:\/\/wampmevres.cfolks.pl\/lipany\/2022\/04\/04\/2-kwietnia-miedzynarodowy-dzien-ksiazki-dla-dzieci-2\/"},"modified":"2024-10-11T10:45:45","modified_gmt":"2024-10-11T10:45:45","slug":"2-kwietnia-miedzynarodowy-dzien-ksiazki-dla-dzieci-2","status":"publish","type":"post","link":"https:\/\/zs-lipiany.pl\/?p=3845","title":{"rendered":"2 kwietnia \u2013 Mi\u0119dzynarodowy Dzie\u0144 Ksi\u0105\u017cki dla Dzieci"},"content":{"rendered":"<p><img decoding=\"async\" class=\" alignright size-full wp-image-3837\" src=\"https:\/\/wampmevres.cfolks.pl\/lipany\/wp-content\/uploads\/2022\/04\/tajemniczy_swiat.png\" alt=\"tajemniczy swiat\" width=\"165\" height=\"234\" style=\"margin-left: 10px; float: right;\" \/>Data 2 kwietnia \u0142\u0105czy dwa \u015bwi\u0119ta Mi\u0119dzynarodowy Dzie\u0144 Ksi\u0105\u017cki dla Dzieci oraz \u015awiatowy Dzie\u0144 \u015awiadomo\u015bci o Autyzmie. Wsp\u00f3lnym mianownikiem jest wyb\u00f3r propozycji czytelniczej &#8211; ksi\u0105\u017cki dla dzieci poruszaj\u0105cej temat autyzmu. Takim przyk\u0142adem jest pozycja Darii Kacprzak pt.: \u201eTajemniczy \u015bwiat Witka. M\u00f3j brat ma autyzm\u201d. Jest to nowo\u015b\u0107 zakupiona z Narodowego Programu Rozwoju Czytelnictwa. Pragn\u0105cych pozna\u0107 relacje g\u0142\u00f3wnych bohater\u00f3w: Witka i Ma\u0144ka zapraszamy do biblioteki.<\/p>\n","protected":false},"excerpt":{"rendered":"<p>Data 2 kwietnia \u0142\u0105czy dwa \u015bwi\u0119ta Mi\u0119dzynarodowy Dzie\u0144 Ksi\u0105\u017cki dla Dzieci oraz \u015awiatowy Dzie\u0144 \u015awiadomo\u015bci o Autyzmie. Wsp\u00f3lnym mianownikiem jest wyb\u00f3r propozycji czytelniczej &#8211; ksi\u0105\u017cki dla dzieci poruszaj\u0105cej temat autyzmu. Takim przyk\u0142adem jest pozycja Darii Kacprzak pt.: \u201eTajemniczy \u015bwiat Witka. M\u00f3j brat ma autyzm\u201d. Jest to nowo\u015b\u0107 zakupiona z Narodowego [&hellip;]<\/p>\n","protected":false},"author":1,"featured_media":3837,"comment_status":"open","ping_status":"open","sticky":false,"template":"","format":"standard","meta":{"ngg_post_thumbnail":0,"footnotes":""},"categories":[48],"tags":[],"class_list":["post-3845","post","type-post","status-publish","format-standard","has-post-thumbnail","hentry","category-biblioteka"],"_links":{"self":[{"href":"https:\/\/zs-lipiany.pl\/index.php?rest_route=\/wp\/v2\/posts\/3845","targetHints":{"allow":["GET"]}}],"collection":[{"href":"https:\/\/zs-lipiany.pl\/index.php?rest_route=\/wp\/v2\/posts"}],"about":[{"href":"https:\/\/zs-lipiany.pl\/index.php?rest_route=\/wp\/v2\/types\/post"}],"author":[{"embeddable":true,"href":"https:\/\/zs-lipiany.pl\/index.php?rest_route=\/wp\/v2\/users\/1"}],"replies":[{"embeddable":true,"href":"https:\/\/zs-lipiany.pl\/index.php?rest_route=%2Fwp%2Fv2%2Fcomments&post=3845"}],"version-history":[{"count":1,"href":"https:\/\/zs-lipiany.pl\/index.php?rest_route=\/wp\/v2\/posts\/3845\/revisions"}],"predecessor-version":[{"id":6235,"href":"https:\/\/zs-lipiany.pl\/index.php?rest_route=\/wp\/v2\/posts\/3845\/revisions\/6235"}],"wp:featuredmedia":[{"embeddable":true,"href":"https:\/\/zs-lipiany.pl\/index.php?rest_route=\/wp\/v2\/media\/3837"}],"wp:attachment":[{"href":"https:\/\/zs-lipiany.pl\/index.php?rest_route=%2Fwp%2Fv2%2Fmedia&parent=3845"}],"wp:term":[{"taxonomy":"category","embeddable":true,"href":"https:\/\/zs-lipiany.pl\/index.php?rest_route=%2Fwp%2Fv2%2Fcategories&post=3845"},{"taxonomy":"post_tag","embeddable":true,"href":"https:\/\/zs-lipiany.pl\/index.php?rest_route=%2Fwp%2Fv2%2Ftags&post=3845"}],"curies":[{"name":"wp","href":"https:\/\/api.w.org\/{rel}","templated":true}]}}